{"id":4561,"date":"2025-02-11T15:33:53","date_gmt":"2025-02-11T13:33:53","guid":{"rendered":"http:\/\/www.kinderbauernhof-pinke-panke.de\/asp\/?p=4561"},"modified":"2025-02-12T17:09:08","modified_gmt":"2025-02-12T15:09:08","slug":"asp-von-kuerzung-bedroht","status":"publish","type":"post","link":"http:\/\/www.kinderbauernhof-pinke-panke.de\/asp\/?p=4561","title":{"rendered":"ASP von K\u00fcrzung bedroht!"},"content":{"rendered":"\n<p><strong>Am Donnerstag 20. Februar 2025 um 17:00 Uhr vor dem Jugendhilfeausschuss im BVV-Saal der Fr\u00f6bestra\u00dfe &#8222;fallen die W\u00fcrfel&#8220;.<\/strong> Die Versammlung ist \u00f6ffentlich. Alle interessierten Menschen k\u00f6nnen als G\u00e4ste daran teilnehmen. Dort trefft ihr auch Mitarbeitende vom ASP Franz B. <\/p>\n\n\n\n<p>Wenn ihr mit uns zur Versammlung fahren wollt, k\u00f6nnt ihr gerne mit uns um 16 Uhr vom ASP losfahren.<\/p>\n\n\n\n<p>Es ist ernst. Nach den Einsparungsverhandlungen des Senates 2024 wurden den freien Tr\u00e4gern die Zuwendungsbescheide f\u00fcr das Jahr 2025 erteilt. Es gab keine Verbesserungen f\u00fcr den ASP, aber wenigstens keine K\u00fcrzungen. So haben wir 2024 noch gedacht.<\/p>\n\n\n\n<p>Im neuen<strong> Jahr 2025, will der Bezirk Pankow aber doch nochmal k\u00fcrzen!<\/strong> Der Verwaltung ist aufgefallen, dass in ihren Berechnungen mindestens 129.000 Euro fehlen?! Das will der Bezirk jetzt von den Kindereinrichtungen der freien Tr\u00e4ger einfach wegnehmen. Er nennt das <strong>&#8222;umgedrehte Gie\u00dfkanne&#8220;<\/strong>!<\/p>\n\n\n\n<p>Deshalb hat der Bezirk alle bereits erteilte F\u00f6rderbescheide als <strong>u n g \u00fc l t i g<\/strong> erkl\u00e4rt.<\/p>\n\n\n\n<p>Die freien Tr\u00e4ger, stehen auf einmal ganz ohne das versprochene Geld da. Ihre Einrichtungen laufen jetzt Gefahr, ihren Mitarbeitenden keinen Monatslohn f\u00fcr ihre Arbeit bezahlen zu k\u00f6nnen.<\/p>\n\n\n\n<p>Wenn zum Beispiel auf dem ASP Franz B. zuk\u00fcnftig 8.000 Euro weniger im Jahr vorhanden sind, m\u00fcssen Arbeitsstunden verringert, L\u00f6hne gek\u00fcrzt und deshalb \u00d6ffnungszeiten reduziert werden.<\/p>\n\n\n\n<p>Sollen wir etwa nur noch von Donnerstag bis Samstag ge\u00f6ffnet sein?! <strong>N E I N !!<\/strong><\/p>\n\n\n\n<p>Was k\u00f6nnen die Kinder, die diese Einrichtungen besuchen denn daf\u00fcr, wenn die Verwaltung des Bezirkes sich verrechnet hat ?<\/p>\n\n\n\n<p><strong>Wir fordern, dass dieser Rechenfehler N I C H T aus den Taschen der Freizeitangebote f\u00fcr die Kinder, beglichen wird!<\/strong><\/p>\n\n\n\n<p>Ein Zusammenschluss von Tr\u00e4gern \u00f6ffenen Kinder- und Jugendarbeit in einer Gruppe, die AG 78 hei\u00dft, hat deshalb einen <a href=\"https:\/\/innn.it\/stoppt-die-weiteren-kuerzungen-in-der-okja-in-pankow\">&#8220; Brand- Brief&#8220; an die Bezirksverwaltung, geschrieben. Sie haben auch eine Unterschriftensammlung, eine Petition, gestartet, die Du >hier&lt; sehen kannst.<\/a><\/p>\n\n\n\n<p>Auch Eltern und Kinder haben schon Briefe zur Abwendung dieser K\u00fcrzungsma\u00dfnahme geschrieben. Wir danken f\u00fcr die Unterst\u00fctzung aller und erheben gemeinsam unsere Stimme f\u00fcr den uneingeschr\u00e4nkten Erhalt des ASP Franz B. vor dem Jugendhilfeausschuss des Bezirkes Pankow.<\/p>\n\n\n\n<p>Euer Franz B. Team<\/p>\n\n\n\n<figure class=\"wp-block-image size-large\"><a href=\"http:\/\/www.kinderbauernhof-pinke-panke.de\/asp\/wp-content\/uploads\/2025\/02\/Kuerzung2025.jpg\"><img loading=\"lazy\" decoding=\"async\" width=\"724\" height=\"1024\" src=\"http:\/\/www.kinderbauernhof-pinke-panke.de\/asp\/wp-content\/uploads\/2025\/02\/Kuerzung2025-724x1024.jpg\" alt=\"\" class=\"wp-image-4581\" srcset=\"http:\/\/www.kinderbauernhof-pinke-panke.de\/asp\/wp-content\/uploads\/2025\/02\/Kuerzung2025-724x1024.jpg 724w, http:\/\/www.kinderbauernhof-pinke-panke.de\/asp\/wp-content\/uploads\/2025\/02\/Kuerzung2025-212x300.jpg 212w, http:\/\/www.kinderbauernhof-pinke-panke.de\/asp\/wp-content\/uploads\/2025\/02\/Kuerzung2025-768x1086.jpg 768w, http:\/\/www.kinderbauernhof-pinke-panke.de\/asp\/wp-content\/uploads\/2025\/02\/Kuerzung2025-706x999.jpg 706w, http:\/\/www.kinderbauernhof-pinke-panke.de\/asp\/wp-content\/uploads\/2025\/02\/Kuerzung2025.jpg 794w\" sizes=\"auto, (max-width: 724px) 100vw, 724px\" \/><\/a><\/figure>\n","protected":false},"excerpt":{"rendered":"<p>Am Donnerstag 20. Februar 2025 um 17:00 Uhr vor dem Jugendhilfeausschuss im BVV-Saal der Fr\u00f6bestra\u00dfe &#8222;fallen die W\u00fcrfel&#8220;. Die Versammlung ist \u00f6ffentlich. Alle interessierten Menschen k\u00f6nnen als G\u00e4ste daran teilnehmen. Dort trefft ihr auch Mitarbeitende vom ASP Franz B. Wenn ihr mit uns zur Versammlung fahren wollt, k\u00f6nnt ihr gerne mit uns um 16 Uhr [&hellip;]<\/p>\n","protected":false},"author":1,"featured_media":0,"comment_status":"closed","ping_status":"closed","sticky":false,"template":"","format":"image","meta":{"footnotes":""},"categories":[1],"tags":[627,624,595,626,625,8,127,636,617,452,144,634,629,517,622,576,619,620,182,615,614,613,630,631,632,633,635,125,623,621,637,618,616,628],"class_list":["post-4561","post","type-post","status-publish","format-image","hentry","category-allgemein","tag-129-000-2","tag-129-000","tag-595","tag-8-000-2","tag-8-000","tag-asp","tag-asp-franz-b","tag-bezirk","tag-einsparungen","tag-euro","tag-foerderung","tag-foerderungssumme","tag-geben","tag-geld","tag-innn-it","tag-jugendamt","tag-jugendhilfe","tag-jugendhilfeausschuss","tag-kinder","tag-kuerzen","tag-kuerzungen","tag-kuerzungen-2025","tag-lohn","tag-mitarbeitende","tag-mitarbeiter","tag-mitarbeiterin","tag-nein","tag-oeffnungszeiten","tag-petition","tag-protest","tag-rechenfehler","tag-senat","tag-sparen","tag-wegnehmen","post_format-post-format-image"],"_links":{"self":[{"href":"http:\/\/www.kinderbauernhof-pinke-panke.de\/asp\/index.php?rest_route=\/wp\/v2\/posts\/4561","targetHints":{"allow":["GET"]}}],"collection":[{"href":"http:\/\/www.kinderbauernhof-pinke-panke.de\/asp\/index.php?rest_route=\/wp\/v2\/posts"}],"about":[{"href":"http:\/\/www.kinderbauernhof-pinke-panke.de\/asp\/index.php?rest_route=\/wp\/v2\/types\/post"}],"author":[{"embeddable":true,"href":"http:\/\/www.kinderbauernhof-pinke-panke.de\/asp\/index.php?rest_route=\/wp\/v2\/users\/1"}],"replies":[{"embeddable":true,"href":"http:\/\/www.kinderbauernhof-pinke-panke.de\/asp\/index.php?rest_route=%2Fwp%2Fv2%2Fcomments&post=4561"}],"version-history":[{"count":22,"href":"http:\/\/www.kinderbauernhof-pinke-panke.de\/asp\/index.php?rest_route=\/wp\/v2\/posts\/4561\/revisions"}],"predecessor-version":[{"id":4607,"href":"http:\/\/www.kinderbauernhof-pinke-panke.de\/asp\/index.php?rest_route=\/wp\/v2\/posts\/4561\/revisions\/4607"}],"wp:attachment":[{"href":"http:\/\/www.kinderbauernhof-pinke-panke.de\/asp\/index.php?rest_route=%2Fwp%2Fv2%2Fmedia&parent=4561"}],"wp:term":[{"taxonomy":"category","embeddable":true,"href":"http:\/\/www.kinderbauernhof-pinke-panke.de\/asp\/index.php?rest_route=%2Fwp%2Fv2%2Fcategories&post=4561"},{"taxonomy":"post_tag","embeddable":true,"href":"http:\/\/www.kinderbauernhof-pinke-panke.de\/asp\/index.php?rest_route=%2Fwp%2Fv2%2Ftags&post=4561"}],"curies":[{"name":"wp","href":"https:\/\/api.w.org\/{rel}","templated":true}]}}