{"id":4199,"date":"2024-02-19T22:02:05","date_gmt":"2024-02-19T20:02:05","guid":{"rendered":"http:\/\/www.kinderbauernhof-pinke-panke.de\/asp\/?p=4199"},"modified":"2024-02-22T22:06:58","modified_gmt":"2024-02-22T20:06:58","slug":"winter-ferien-rueckblick","status":"publish","type":"post","link":"http:\/\/www.kinderbauernhof-pinke-panke.de\/asp\/?p=4199","title":{"rendered":"Winter- Ferien- R\u00fcckblick"},"content":{"rendered":"\n<p>Liebe Kinder. Danke, f\u00fcr die sch\u00f6nen gemeinsamen Ferientage. Hier ein kleiner bebilderter R\u00fcckblick f\u00fcr unsere Erinnerungen und falls ihr jemandem zeigen m\u00f6chtet, wo ihr was und mit wem ihr es, in den Winterferien, erlebt habt.<\/p>\n\n\n\n<figure class=\"wp-block-image size-full\"><a href=\"http:\/\/www.kinderbauernhof-pinke-panke.de\/asp\/wp-content\/uploads\/2024\/02\/Winterferien-Nagelbilder2024-Web.jpg\"><img loading=\"lazy\" decoding=\"async\" width=\"680\" height=\"510\" src=\"http:\/\/www.kinderbauernhof-pinke-panke.de\/asp\/wp-content\/uploads\/2024\/02\/Winterferien-Nagelbilder2024-Web.jpg\" alt=\"\" class=\"wp-image-4197\" srcset=\"http:\/\/www.kinderbauernhof-pinke-panke.de\/asp\/wp-content\/uploads\/2024\/02\/Winterferien-Nagelbilder2024-Web.jpg 680w, http:\/\/www.kinderbauernhof-pinke-panke.de\/asp\/wp-content\/uploads\/2024\/02\/Winterferien-Nagelbilder2024-Web-300x225.jpg 300w\" sizes=\"auto, (max-width: 680px) 100vw, 680px\" \/><\/a><\/figure>\n\n\n\n<p>Selbst gebaute und gewebte Nagelbilder.<\/p>\n\n\n\n<figure class=\"wp-block-image size-full\"><a href=\"http:\/\/www.kinderbauernhof-pinke-panke.de\/asp\/wp-content\/uploads\/2024\/02\/Blu-Potsdam2024.jpg\"><img loading=\"lazy\" decoding=\"async\" width=\"680\" height=\"510\" src=\"http:\/\/www.kinderbauernhof-pinke-panke.de\/asp\/wp-content\/uploads\/2024\/02\/Blu-Potsdam2024.jpg\" alt=\"\" class=\"wp-image-4195\" srcset=\"http:\/\/www.kinderbauernhof-pinke-panke.de\/asp\/wp-content\/uploads\/2024\/02\/Blu-Potsdam2024.jpg 680w, http:\/\/www.kinderbauernhof-pinke-panke.de\/asp\/wp-content\/uploads\/2024\/02\/Blu-Potsdam2024-300x225.jpg 300w\" sizes=\"auto, (max-width: 680px) 100vw, 680px\" \/><\/a><\/figure>\n\n\n\n<p>Unsere kleine Ferienreise mit dem Regionalzug nach Potsdam, in das BLU- Familien- Spa\u00df- Bad.<\/p>\n\n\n\n<figure class=\"wp-block-image size-full\"><a href=\"http:\/\/www.kinderbauernhof-pinke-panke.de\/asp\/wp-content\/uploads\/2024\/02\/Winterferien-Lesen2024.jpg\"><img loading=\"lazy\" decoding=\"async\" width=\"680\" height=\"510\" src=\"http:\/\/www.kinderbauernhof-pinke-panke.de\/asp\/wp-content\/uploads\/2024\/02\/Winterferien-Lesen2024.jpg\" alt=\"\" class=\"wp-image-4196\" srcset=\"http:\/\/www.kinderbauernhof-pinke-panke.de\/asp\/wp-content\/uploads\/2024\/02\/Winterferien-Lesen2024.jpg 680w, http:\/\/www.kinderbauernhof-pinke-panke.de\/asp\/wp-content\/uploads\/2024\/02\/Winterferien-Lesen2024-300x225.jpg 300w\" sizes=\"auto, (max-width: 680px) 100vw, 680px\" \/><\/a><\/figure>\n\n\n\n<p>Neben Schmuck- L\u00f6ten und (Vor-) Lesen unter den Sternen, konnte auch mal der &#8222;Flitzebogen&#8220; gespannt werden.<\/p>\n","protected":false},"excerpt":{"rendered":"<p>Liebe Kinder. Danke, f\u00fcr die sch\u00f6nen gemeinsamen Ferientage. Hier ein kleiner bebilderter R\u00fcckblick f\u00fcr unsere Erinnerungen und falls ihr jemandem zeigen m\u00f6chtet, wo ihr was und mit wem ihr es, in den Winterferien, erlebt habt. Selbst gebaute und gewebte Nagelbilder. Unsere kleine Ferienreise mit dem Regionalzug nach Potsdam, in das BLU- Familien- Spa\u00df- Bad. Neben [&hellip;]<\/p>\n","protected":false},"author":1,"featured_media":0,"comment_status":"closed","ping_status":"closed","sticky":false,"template":"","format":"image","meta":{"footnotes":""},"categories":[1],"tags":[545,127,193,554,556,29,65,553,418,89,26,555],"class_list":["post-4199","post","type-post","status-publish","format-image","hentry","category-allgemein","tag-545","tag-asp-franz-b","tag-baden","tag-blu","tag-februar","tag-ferien","tag-haus","tag-lesen","tag-loeten","tag-loetkolben","tag-musik","tag-schmuck","post_format-post-format-image"],"_links":{"self":[{"href":"http:\/\/www.kinderbauernhof-pinke-panke.de\/asp\/index.php?rest_route=\/wp\/v2\/posts\/4199","targetHints":{"allow":["GET"]}}],"collection":[{"href":"http:\/\/www.kinderbauernhof-pinke-panke.de\/asp\/index.php?rest_route=\/wp\/v2\/posts"}],"about":[{"href":"http:\/\/www.kinderbauernhof-pinke-panke.de\/asp\/index.php?rest_route=\/wp\/v2\/types\/post"}],"author":[{"embeddable":true,"href":"http:\/\/www.kinderbauernhof-pinke-panke.de\/asp\/index.php?rest_route=\/wp\/v2\/users\/1"}],"replies":[{"embeddable":true,"href":"http:\/\/www.kinderbauernhof-pinke-panke.de\/asp\/index.php?rest_route=%2Fwp%2Fv2%2Fcomments&post=4199"}],"version-history":[{"count":5,"href":"http:\/\/www.kinderbauernhof-pinke-panke.de\/asp\/index.php?rest_route=\/wp\/v2\/posts\/4199\/revisions"}],"predecessor-version":[{"id":4204,"href":"http:\/\/www.kinderbauernhof-pinke-panke.de\/asp\/index.php?rest_route=\/wp\/v2\/posts\/4199\/revisions\/4204"}],"wp:attachment":[{"href":"http:\/\/www.kinderbauernhof-pinke-panke.de\/asp\/index.php?rest_route=%2Fwp%2Fv2%2Fmedia&parent=4199"}],"wp:term":[{"taxonomy":"category","embeddable":true,"href":"http:\/\/www.kinderbauernhof-pinke-panke.de\/asp\/index.php?rest_route=%2Fwp%2Fv2%2Fcategories&post=4199"},{"taxonomy":"post_tag","embeddable":true,"href":"http:\/\/www.kinderbauernhof-pinke-panke.de\/asp\/index.php?rest_route=%2Fwp%2Fv2%2Ftags&post=4199"}],"curies":[{"name":"wp","href":"https:\/\/api.w.org\/{rel}","templated":true}]}}