{"id":3330,"date":"2021-09-09T20:20:00","date_gmt":"2021-09-09T18:20:00","guid":{"rendered":"http:\/\/www.kinderbauernhof-pinke-panke.de\/asp\/?p=3330"},"modified":"2021-09-10T11:34:53","modified_gmt":"2021-09-10T09:34:53","slug":"u18-wahl-fuer-kids","status":"publish","type":"post","link":"http:\/\/www.kinderbauernhof-pinke-panke.de\/asp\/?p=3330","title":{"rendered":"U18 Wahl (f\u00fcr Kids)"},"content":{"rendered":"\n<p>U18? Bedeutet unter 18 Jahren. Also alle, die j\u00fcnger als 18 Jahre sind, k\u00f6nnen hier mitbestimmen, wer ihrer Meinung nach, k\u00fcnftig unser Land, also Deutschland und zus\u00e4tzlich auch unsere Stadt, also Berlin, regieren soll. Es sind also zwei Wahlen an einem Tag.<\/p>\n\n\n\n<p>Wir auf dem ASP haben dazu Info- Material f\u00fcr Kinder besorgt und k\u00f6nnen Euch helfen, Euch einen eigenen Eindruck von den Menschen \/ Parteien zu machen, die von Euch, als \u201eBestimmerinnen und Bestimmer\u201c gew\u00e4hlt werden wollen. <\/p>\n\n\n\n<figure class=\"wp-block-image size-large\"><a href=\"http:\/\/www.kinderbauernhof-pinke-panke.de\/asp\/wp-content\/uploads\/2021\/09\/081B0505-82DF-4552-805C-D14D671F6F97-scaled.jpeg\"><img loading=\"lazy\" decoding=\"async\" width=\"1024\" height=\"985\" src=\"http:\/\/www.kinderbauernhof-pinke-panke.de\/asp\/wp-content\/uploads\/2021\/09\/081B0505-82DF-4552-805C-D14D671F6F97-1024x985.jpeg\" alt=\"\" class=\"wp-image-3331\" srcset=\"http:\/\/www.kinderbauernhof-pinke-panke.de\/asp\/wp-content\/uploads\/2021\/09\/081B0505-82DF-4552-805C-D14D671F6F97-1024x985.jpeg 1024w, http:\/\/www.kinderbauernhof-pinke-panke.de\/asp\/wp-content\/uploads\/2021\/09\/081B0505-82DF-4552-805C-D14D671F6F97-300x289.jpeg 300w, http:\/\/www.kinderbauernhof-pinke-panke.de\/asp\/wp-content\/uploads\/2021\/09\/081B0505-82DF-4552-805C-D14D671F6F97-768x739.jpeg 768w, http:\/\/www.kinderbauernhof-pinke-panke.de\/asp\/wp-content\/uploads\/2021\/09\/081B0505-82DF-4552-805C-D14D671F6F97-1536x1477.jpeg 1536w, http:\/\/www.kinderbauernhof-pinke-panke.de\/asp\/wp-content\/uploads\/2021\/09\/081B0505-82DF-4552-805C-D14D671F6F97-2048x1970.jpeg 2048w, http:\/\/www.kinderbauernhof-pinke-panke.de\/asp\/wp-content\/uploads\/2021\/09\/081B0505-82DF-4552-805C-D14D671F6F97-842x810.jpeg 842w\" sizes=\"auto, (max-width: 1024px) 100vw, 1024px\" \/><\/a><\/figure>\n\n\n\n<p>Am Freitag den 17. September ist der Wahltag, wo ihr Eure Stimme, als Kreuz auf einem Zettel bei den Politikerinnen und Politikern, denen ihr am meisten vertraut, abgeben k\u00f6nnt.<\/p>\n\n\n\n<p>Daf\u00fcr werden wir mit Euch den Besuch eines U18 Wahllokals in Franz\u00f6sisch Buchholz planen.<\/p>\n\n\n\n<p>Wenn du jetzt schon mal wissen willst, was die einzelnen Parteien auf Fragen, die Kinder ihnen gestellt haben, geantwortet haben? Dann schau dir ihre Antworten auf \u201ewww.U18.berlin\u201c hier einmal an. <a href=\"http:\/\/u18.berlin\/wp-content\/uploads\/2021\/05\/2021-Kinder-und-Jugendfragen-U18-Wahl.pdf\">http:\/\/u18.berlin\/wp-content\/uploads\/2021\/05\/2021-Kinder-und-Jugendfragen-U18-Wahl.pdf<\/a><\/p>\n\n\n\n<p>Du hast \u201edie Wahl\u201c. Euer ASP FranzB. Team<\/p>\n","protected":false},"excerpt":{"rendered":"<p>U18? Bedeutet unter 18 Jahren. Also alle, die j\u00fcnger als 18 Jahre sind, k\u00f6nnen hier mitbestimmen, wer ihrer Meinung nach, k\u00fcnftig unser Land, also Deutschland und zus\u00e4tzlich auch unsere Stadt, also Berlin, regieren soll. Es sind also zwei Wahlen an einem Tag. Wir auf dem ASP haben dazu Info- Material f\u00fcr Kinder besorgt und k\u00f6nnen [&hellip;]<\/p>\n","protected":false},"author":1,"featured_media":0,"comment_status":"closed","ping_status":"closed","sticky":false,"template":"","format":"standard","meta":{"footnotes":""},"categories":[1],"tags":[],"class_list":["post-3330","post","type-post","status-publish","format-standard","hentry","category-allgemein"],"_links":{"self":[{"href":"http:\/\/www.kinderbauernhof-pinke-panke.de\/asp\/index.php?rest_route=\/wp\/v2\/posts\/3330","targetHints":{"allow":["GET"]}}],"collection":[{"href":"http:\/\/www.kinderbauernhof-pinke-panke.de\/asp\/index.php?rest_route=\/wp\/v2\/posts"}],"about":[{"href":"http:\/\/www.kinderbauernhof-pinke-panke.de\/asp\/index.php?rest_route=\/wp\/v2\/types\/post"}],"author":[{"embeddable":true,"href":"http:\/\/www.kinderbauernhof-pinke-panke.de\/asp\/index.php?rest_route=\/wp\/v2\/users\/1"}],"replies":[{"embeddable":true,"href":"http:\/\/www.kinderbauernhof-pinke-panke.de\/asp\/index.php?rest_route=%2Fwp%2Fv2%2Fcomments&post=3330"}],"version-history":[{"count":2,"href":"http:\/\/www.kinderbauernhof-pinke-panke.de\/asp\/index.php?rest_route=\/wp\/v2\/posts\/3330\/revisions"}],"predecessor-version":[{"id":3334,"href":"http:\/\/www.kinderbauernhof-pinke-panke.de\/asp\/index.php?rest_route=\/wp\/v2\/posts\/3330\/revisions\/3334"}],"wp:attachment":[{"href":"http:\/\/www.kinderbauernhof-pinke-panke.de\/asp\/index.php?rest_route=%2Fwp%2Fv2%2Fmedia&parent=3330"}],"wp:term":[{"taxonomy":"category","embeddable":true,"href":"http:\/\/www.kinderbauernhof-pinke-panke.de\/asp\/index.php?rest_route=%2Fwp%2Fv2%2Fcategories&post=3330"},{"taxonomy":"post_tag","embeddable":true,"href":"http:\/\/www.kinderbauernhof-pinke-panke.de\/asp\/index.php?rest_route=%2Fwp%2Fv2%2Ftags&post=3330"}],"curies":[{"name":"wp","href":"https:\/\/api.w.org\/{rel}","templated":true}]}}