{"id":2470,"date":"2019-08-06T14:04:50","date_gmt":"2019-08-06T12:04:50","guid":{"rendered":"http:\/\/www.kinderbauernhof-pinke-panke.de\/asp\/?p=2470"},"modified":"2019-10-19T12:12:04","modified_gmt":"2019-10-19T10:12:04","slug":"jetzt-gehts-los","status":"publish","type":"post","link":"http:\/\/www.kinderbauernhof-pinke-panke.de\/asp\/?p=2470","title":{"rendered":"Sommerferien- R\u00fcckblick 2019"},"content":{"rendered":"\n<p>Ein gro\u00dfes &#8222;Dankesch\u00f6n&#8220; an alle Kinder, Betreuende und Lehmofenbauende, f\u00fcr die sch\u00f6nen Sommerferien auf dem ASP 2019.<\/p>\n\n\n\n<figure class=\"wp-block-image is-resized\"><img loading=\"lazy\" decoding=\"async\" src=\"http:\/\/www.kinderbauernhof-pinke-panke.de\/asp\/wp-content\/uploads\/2019\/10\/ASP_Sommerferien-Collage_2019_web.jpg\" alt=\"\" class=\"wp-image-2662\" width=\"632\" height=\"474\" srcset=\"http:\/\/www.kinderbauernhof-pinke-panke.de\/asp\/wp-content\/uploads\/2019\/10\/ASP_Sommerferien-Collage_2019_web.jpg 945w, http:\/\/www.kinderbauernhof-pinke-panke.de\/asp\/wp-content\/uploads\/2019\/10\/ASP_Sommerferien-Collage_2019_web-300x225.jpg 300w, http:\/\/www.kinderbauernhof-pinke-panke.de\/asp\/wp-content\/uploads\/2019\/10\/ASP_Sommerferien-Collage_2019_web-768x576.jpg 768w, http:\/\/www.kinderbauernhof-pinke-panke.de\/asp\/wp-content\/uploads\/2019\/10\/ASP_Sommerferien-Collage_2019_web-842x632.jpg 842w\" sizes=\"auto, (max-width: 632px) 100vw, 632px\" \/><\/figure>\n\n\n\n<p>Es ist ein wunderbarer neuer Lehmofen entstanden.<\/p>\n\n\n\n<figure class=\"wp-block-image is-resized\"><img loading=\"lazy\" decoding=\"async\" src=\"http:\/\/www.kinderbauernhof-pinke-panke.de\/asp\/wp-content\/uploads\/2019\/10\/Lehmofen_sommerferien_2019.jpg\" alt=\"\" class=\"wp-image-2659\" width=\"636\" height=\"477\" srcset=\"http:\/\/www.kinderbauernhof-pinke-panke.de\/asp\/wp-content\/uploads\/2019\/10\/Lehmofen_sommerferien_2019.jpg 720w, http:\/\/www.kinderbauernhof-pinke-panke.de\/asp\/wp-content\/uploads\/2019\/10\/Lehmofen_sommerferien_2019-300x225.jpg 300w\" sizes=\"auto, (max-width: 636px) 100vw, 636px\" \/><\/figure>\n","protected":false},"excerpt":{"rendered":"<p>Ein gro\u00dfes &#8222;Dankesch\u00f6n&#8220; an alle Kinder, Betreuende und Lehmofenbauende, f\u00fcr die sch\u00f6nen Sommerferien auf dem ASP 2019. Es ist ein wunderbarer neuer Lehmofen entstanden.<\/p>\n","protected":false},"author":1,"featured_media":0,"comment_status":"closed","ping_status":"closed","sticky":false,"template":"","format":"image","meta":{"footnotes":""},"categories":[1],"tags":[29,70,69],"class_list":["post-2470","post","type-post","status-publish","format-image","hentry","category-allgemein","tag-ferien","tag-sommer","tag-sommerferien","post_format-post-format-image"],"_links":{"self":[{"href":"http:\/\/www.kinderbauernhof-pinke-panke.de\/asp\/index.php?rest_route=\/wp\/v2\/posts\/2470","targetHints":{"allow":["GET"]}}],"collection":[{"href":"http:\/\/www.kinderbauernhof-pinke-panke.de\/asp\/index.php?rest_route=\/wp\/v2\/posts"}],"about":[{"href":"http:\/\/www.kinderbauernhof-pinke-panke.de\/asp\/index.php?rest_route=\/wp\/v2\/types\/post"}],"author":[{"embeddable":true,"href":"http:\/\/www.kinderbauernhof-pinke-panke.de\/asp\/index.php?rest_route=\/wp\/v2\/users\/1"}],"replies":[{"embeddable":true,"href":"http:\/\/www.kinderbauernhof-pinke-panke.de\/asp\/index.php?rest_route=%2Fwp%2Fv2%2Fcomments&post=2470"}],"version-history":[{"count":6,"href":"http:\/\/www.kinderbauernhof-pinke-panke.de\/asp\/index.php?rest_route=\/wp\/v2\/posts\/2470\/revisions"}],"predecessor-version":[{"id":2663,"href":"http:\/\/www.kinderbauernhof-pinke-panke.de\/asp\/index.php?rest_route=\/wp\/v2\/posts\/2470\/revisions\/2663"}],"wp:attachment":[{"href":"http:\/\/www.kinderbauernhof-pinke-panke.de\/asp\/index.php?rest_route=%2Fwp%2Fv2%2Fmedia&parent=2470"}],"wp:term":[{"taxonomy":"category","embeddable":true,"href":"http:\/\/www.kinderbauernhof-pinke-panke.de\/asp\/index.php?rest_route=%2Fwp%2Fv2%2Fcategories&post=2470"},{"taxonomy":"post_tag","embeddable":true,"href":"http:\/\/www.kinderbauernhof-pinke-panke.de\/asp\/index.php?rest_route=%2Fwp%2Fv2%2Ftags&post=2470"}],"curies":[{"name":"wp","href":"https:\/\/api.w.org\/{rel}","templated":true}]}}